{"id":24,"date":"2011-08-22T18:00:21","date_gmt":"2011-08-22T22:00:21","guid":{"rendered":"http:\/\/mvt.qc.ca\/wordpress\/?p=24"},"modified":"2013-03-10T19:57:21","modified_gmt":"2013-03-11T00:57:21","slug":"ameliorez-productivite-avec-transports-publics","status":"publish","type":"post","link":"https:\/\/mvt.qc.ca\/fr\/2011\/08\/ameliorez-productivite-avec-transports-publics\/","title":{"rendered":"Am\u00e9liorez la productivit\u00e9 de votre \u00e9quipe avec les transports publics"},"content":{"rendered":"<div style=\"width: 240px\" class=\"wp-caption alignleft\"><img loading=\"lazy\" decoding=\"async\" title=\"Wi-fi\" alt=\"\" src=\"http:\/\/farm6.static.flickr.com\/5184\/5548496833_14feb04e97_m_d.jpg\" width=\"240\" height=\"180\" \/><p class=\"wp-caption-text\">Source : jbtaylor (CC-BY-2.0)<\/p><\/div>\n<p style=\"text-align: justify;\">Un nombre croissant de transporteurs offrent une connexion wi-fi, en plus de celle des r\u00e9seaux t\u00e9l\u00e9phoniques sans fil, permettant ainsi de pr\u00e9parer et synchroniser des dossiers en route.<\/p>\n<p style=\"text-align: justify;\">Ainsi, plusieurs entreprises r\u00e9mun\u00e8rent les heures travaill\u00e9es par les membres de leur \u00e9quipe, \u00e0 bord des transports collectifs.<\/p>\n<p style=\"text-align: justify;\">Autant de places de stationnement de moins \u00e0 acqu\u00e9rir, amortir et entretenir : combien vous co\u00fbte l&rsquo;offre d&rsquo;une place de stationnement?<\/p>\n<p style=\"text-align: justify;\">Des employ\u00e9-es motiv\u00e9-es \u00e0 utiliser les transports collectifs, mieux en mesure d&rsquo;utiliser leurs temps de d\u00e9placement vers et depuis leur lieu de travail, et moins stress\u00e9-es \u00e0 l&rsquo;arriv\u00e9e.<\/p>\n<p style=\"text-align: justify;\">Voici l&rsquo;exemple de Boulder, au Colorado (\u00c9.-U.) : <a href=\"http:\/\/t.co\/Ku2Glw6\" target=\"_blank\">http:\/\/t.co\/Ku2Glw6<\/a><\/p>\n<p style=\"text-align: justify;\">\n","protected":false},"excerpt":{"rendered":"<p>Un nombre croissant de transporteurs offrent une connexion wi-fi, en plus de celle des r\u00e9seaux t\u00e9l\u00e9phoniques sans fil, permettant ainsi de pr\u00e9parer et synchroniser des dossiers en route. Ainsi, plusieurs entreprises r\u00e9mun\u00e8rent les heures travaill\u00e9es par les membres de leur \u00e9quipe, \u00e0 bord des transports collectifs. Autant de places de stationnement de moins \u00e0 acqu\u00e9rir, &hellip; <\/p>\n<p><a class=\"more-link btn\" href=\"https:\/\/mvt.qc.ca\/fr\/2011\/08\/ameliorez-productivite-avec-transports-publics\/\">Lire la suite<\/a><\/p>\n","protected":false},"author":1,"featured_media":0,"comment_status":"open","ping_status":"open","sticky":false,"template":"","format":"standard","meta":{"footnotes":""},"categories":[17,43,3,35,4,24,25,26,12],"tags":[55,63,72],"class_list":["post-24","post","type-post","status-publish","format-standard","hentry","category-amerique-du-nord","category-boulder","category-capsules","category-colorado","category-entreprises","category-etats-unis","category-europe","category-france","category-train","tag-internet-sans-fil","tag-telephones-intelligents","tag-wi-fi","nodate","item-wrap"],"_links":{"self":[{"href":"https:\/\/mvt.qc.ca\/fr\/wp-json\/wp\/v2\/posts\/24","targetHints":{"allow":["GET"]}}],"collection":[{"href":"https:\/\/mvt.qc.ca\/fr\/wp-json\/wp\/v2\/posts"}],"about":[{"href":"https:\/\/mvt.qc.ca\/fr\/wp-json\/wp\/v2\/types\/post"}],"author":[{"embeddable":true,"href":"https:\/\/mvt.qc.ca\/fr\/wp-json\/wp\/v2\/users\/1"}],"replies":[{"embeddable":true,"href":"https:\/\/mvt.qc.ca\/fr\/wp-json\/wp\/v2\/comments?post=24"}],"version-history":[{"count":11,"href":"https:\/\/mvt.qc.ca\/fr\/wp-json\/wp\/v2\/posts\/24\/revisions"}],"predecessor-version":[{"id":2420,"href":"https:\/\/mvt.qc.ca\/fr\/wp-json\/wp\/v2\/posts\/24\/revisions\/2420"}],"wp:attachment":[{"href":"https:\/\/mvt.qc.ca\/fr\/wp-json\/wp\/v2\/media?parent=24"}],"wp:term":[{"taxonomy":"category","embeddable":true,"href":"https:\/\/mvt.qc.ca\/fr\/wp-json\/wp\/v2\/categories?post=24"},{"taxonomy":"post_tag","embeddable":true,"href":"https:\/\/mvt.qc.ca\/fr\/wp-json\/wp\/v2\/tags?post=24"}],"curies":[{"name":"wp","href":"https:\/\/api.w.org\/{rel}","templated":true}]}}