{"id":2301,"date":"2013-03-01T18:00:18","date_gmt":"2013-03-01T23:00:18","guid":{"rendered":"http:\/\/mvt.tc\/fr\/?p=2301"},"modified":"2014-07-06T20:58:21","modified_gmt":"2014-07-07T00:58:21","slug":"totems-mar2013","status":"publish","type":"post","link":"https:\/\/mvt.qc.ca\/fr\/2013\/03\/totems-mar2013\/","title":{"rendered":"T.O.T.E.M.S. \/\/ 03.2013"},"content":{"rendered":"<div style=\"width: 640px\" class=\"wp-caption aligncenter\"><img loading=\"lazy\" decoding=\"async\" title=\"Source : aaron.bihari via Flickr (CC BY-SA 2.0)\" src=\"http:\/\/farm4.staticflickr.com\/3249\/3128496582_96d99c51e7_z.jpg\" alt=\"\" width=\"640\" height=\"427\" \/><p class=\"wp-caption-text\">Source : aaron.bihari via Flickr (CC BY-SA 2.0)<\/p><\/div>\n<p style=\"text-align: center;\">D\u00e9couvrez les comptes Twitter interactifs avec <a href=\"http:\/\/twitter.com\/mvt_tc\">@mvt_tc<\/a>, dans les domaines suivants :<br \/>\n<strong><span style=\"color: #ff0000;\">T<\/span>ransports \/\/ <span style=\"color: #ff0000;\">O<\/span>rganisations \/\/ <span style=\"color: #ff0000;\">T<\/span>erritoire<\/strong> \/\/ <strong><span style=\"color: #ff0000;\">E<\/span>nvironnement et \u00e9nergie \/\/ <span style=\"color: #ff0000;\">M<\/span>obilit\u00e9 \/\/ <span style=\"color: #ff0000;\">S<\/span>oci\u00e9t\u00e9<\/strong><\/p>\n<p><strong><em>===================<br \/>\nBienvenue parmi nous!<br \/>\n<\/em><\/strong><a href=\"http:\/\/twitter.com\/2dgamtl\">@2dgamtl<\/a><a href=\"https:\/\/twitter.com\/AmadeusFrance\" data-send-impression-cookie=\"true\"> :<\/a> Daniel Gill, professeur, Institut d&rsquo;urbanisme, Universit\u00e9 de Montr\u00e9al<a href=\"https:\/\/twitter.com\/AmadeusFrance\" data-send-impression-cookie=\"true\"><br \/>\n@AmadeusFrance <\/a>: Solutions technologiques, gestion-distribution-vente, services de voyages (France)<a href=\"http:\/\/twitter.com\/catchthetrout\"><br \/>\n@catchthetrout<\/a> : <em>The Rural Overland Utility Transit (T.R.O.U.T.)<\/em> &#8211; Bancroft, Ontario (Canada)<a href=\"https:\/\/twitter.com\/cjemelin\" data-send-impression-cookie=\"true\"><br \/>\n@cjemelin<\/a> : Christophe Jemelin. Passionn\u00e9 de mobilit\u00e9 (Lausanne, Suisse)<br \/>\n<a href=\"http:\/\/twitter.com\/ClJourdain\">@ClJourdain<\/a> : Claude Jourdain, expert en \u00e9conomie sociale (Montr\u00e9al)<br \/>\n<a href=\"http:\/\/twitter.com\/freetransit\">@freetransit<\/a> : <em>Roman Frei. Free public transportation and education for all!<\/em><br \/>\n<a href=\"http:\/\/twitter.com\/galoreinoso\">@galoreinoso<\/a> : Galo Reinoso. P\u00f4les d&rsquo;int\u00e9r\u00eat : transports actifs et collectifs (r\u00e9gion de Montr\u00e9al)<br \/>\n<span class=\"screen-name\"><a href=\"http:\/\/twitter.com\/jeanmichelgauvr\">@jeanmichelgauvr<\/a> : J<\/span><span class=\"profile-field\">ean-Michel Gauvrit, t<\/span>ransport <span class=\"twitter-hashtag pretty-link js-nav\">SNCF<\/span>\u00a0<span class=\"twitter-hashtag pretty-link js-nav\">achats<\/span>&#8230; (France)<br \/>\n<a href=\"https:\/\/twitter.com\/julienmartin38\" data-send-impression-cookie=\"true\">@julienmartin38 <\/a>: Martin Julien, conseiller municipal \u00e0 Fontaine (Is\u00e8re), d\u00e9l\u00e9gu\u00e9 \u00e0 la jeunesse (France)<br \/>\n<a href=\"https:\/\/twitter.com\/keoscopie\" data-send-impression-cookie=\"true\">@keoscopie <\/a>: Observatoire permanent des modes de vie et de la mobilit\u00e9 de Keolis (Paris)<br \/>\n<a href=\"http:\/\/twitter.com\/kmachabee\">@kmachabee<\/a> : Kevin Machab\u00e9e &#8211; Innovation et technologie, Soci\u00e9t\u00e9 de transport de Laval (Qu\u00e9bec)<br \/>\n<a href=\"http:\/\/twitter.com\/laurentviala\">@laurentviala<\/a> : Enseignant &amp; consultant &#8211;\u00a0Ville &#8211; Territoire &#8211; Urbanisme &#8211; Architecture (Montpellier)<br \/>\n<a href=\"https:\/\/twitter.com\/lelievre35\" data-send-impression-cookie=\"true\">@lelievre35 <\/a>: Kevin Leli\u00e8vre, charg\u00e9 de d\u00e9veloppement <a href=\"https:\/\/twitter.com\/LeTrombinoscope\" rel=\"nofollow\">@LeTrombinoscope<\/a> (France)<br \/>\n<a href=\"http:\/\/twitter.com\/lucmtl\">@lucmtl<\/a> : Luc Gagnon. Urbanisme et am\u00e9nagement urbain (Montr\u00e9al)<br \/>\n<a href=\"http:\/\/twitter.com\/MarikaMTL\">@MarikaMTL<\/a> : Marika Laforest, gest. m\u00e9dias interactifs \u00e0 Tourisme Montr\u00e9al<br \/>\n<a href=\"http:\/\/twitter.com\/mcamus51\">@mcamus51<\/a> : \u00c9pid\u00e9miologue environnemental, analyste de risques, pr\u00e9sident de Projet Montr\u00e9al&#8230;<br \/>\n<a href=\"http:\/\/twitter.com\/mobizen\">@mobizen<\/a> : La voiture \u00e0 la carte (Paris)<br \/>\n<a href=\"https:\/\/twitter.com\/Patrick_Gilles\" data-send-impression-cookie=\"true\">@Patrick_Gilles <\/a>: Am\u00e9nagement num\u00e9rique, services et usages 2.0 (Rh\u00f4ne-Alpes Sud)<em><br \/>\n<\/em><a href=\"https:\/\/twitter.com\/paysagesAvelo\" data-send-impression-cookie=\"true\">@paysagesAvelo <\/a>: D\u00e9velopper l&rsquo;usage du v\u00e9lo utilitaire (France)<br \/>\n<a href=\"http:\/\/twitter.com\/pbpbpbpb\">@pbpbpbpb<\/a> : Paul B.,veille transport et mobilit\u00e9 (Rennes \/ Paris)<br \/>\n<a href=\"https:\/\/twitter.com\/RoulerMontreal\" data-send-impression-cookie=\"true\">@RoulerMontreal <\/a>: Compte th\u00e9matique sur la pratique du v\u00e9lo&#8230; (Montr\u00e9al)<br \/>\n<a href=\"http:\/\/twitter.com\/slavadi\">@slavadi<\/a> : Sonia Lavadinho. G\u00e9ographie, socio., anthropo. urbaine, chercheuse EPFL (Suisse)<br \/>\n<a href=\"https:\/\/twitter.com\/smoses03\" data-send-impression-cookie=\"true\">@smoses03 <\/a>: Sylvie Moses, collaboratrice de TrensQu\u00e9bec (Montr\u00e9al)<br \/>\n<a href=\"https:\/\/twitter.com\/SupersizeMyCity\">@SupersizeMyCity<\/a> : <em>I&rsquo;d like to connect with people who believe in human and sustainable cities.<br \/>\n<\/em><a href=\"http:\/\/twitter.com\/TransportMobile\">@TransportMobile<\/a> : Un \u0153il sur les transports du quotidien et de demain (France)<\/p>\n<p style=\"text-align: left;\"><strong><em>=================== <\/em><\/strong><br \/>\n<strong><em>Merci de votre interactivit\u00e9 continue!<\/em><\/strong><br \/>\n<a href=\"http:\/\/twitter.com\/AlexandreStLau\">@AlexandreStLau<\/a> : Cycliste \u00e9t\u00e9\/hiver, \u00e9collaborateur pour\u00a0ecotrip (Qu\u00e9bec)<a href=\"https:\/\/twitter.com\/AmadeusFrance\" data-send-impression-cookie=\"true\"><br \/>\n<\/a><a href=\"http:\/\/twitter.com\/andyriga\">@andyriga<\/a> : Journaliste transport du quotidien <em>The Gazette<\/em> (Montr\u00e9al)<a href=\"http:\/\/twitter.com\/AsDEBESSES\"><br \/>\n<\/a><a href=\"http:\/\/twitter.com\/arigaud_ca\">@arigaud_ca<\/a> : Int\u00e9grateur web et expert en accessibilit\u00e9 (Montr\u00e9al)<a href=\"http:\/\/twitter.com\/AsDEBESSES\"><br \/>\n@AsDEBESSES<\/a> : Club \u00e9comobilit\u00e9 de Haute-Normandie (France)<a href=\"http:\/\/twitter.com\/atv_qc\"><br \/>\n@atv_qc<\/a> : Acc\u00e8s transports viables (Qu\u00e9bec)<a href=\"http:\/\/twitter.com\/bgoss44\"><br \/>\n<\/a><a href=\"http:\/\/twitter.com\/AutopartageMtl\">@AutopartageMtl<\/a> : Information, promotion et \u00e9change sur l\u2019autopartage \u00e0 Montr\u00e9al<a href=\"http:\/\/twitter.com\/bgoss44\"><br \/>\n<\/a><a href=\"http:\/\/twitter.com\/BenjaminTaveau\">@BenjaminTaveau<\/a> : Vers un renouveau territorial sur <a title=\"http:\/\/www.economie.blog.lemonde.fr\" dir=\"ltr\" href=\"http:\/\/t.co\/qAWleqpD\" target=\"_blank\" data-expanded-url=\"http:\/\/www.economie.blog.lemonde.fr\">http:\/\/www.economie.blog.lemonde.fr <\/a>(France)<br \/>\n@BenkiraneUrba : Benkirane Mohamed, urbaniste (Casablanca)<br \/>\n<a href=\"http:\/\/twitter.com\/BernadetteCH\">@BernadetteCH<\/a> : Bernadette Caillard-Humeau, journaliste, sociologue et \u00e9lue locale (Angers)<br \/>\n<a href=\"http:\/\/twitter.com\/bgoss44\"> @bgoss44<\/a> : Bernard Gosselin : changer l\u2019image des transports publics\u2026 (Paris)<br \/>\n @bodandi : Jean-Luc, transport, NTIC et info voyageurs\u2026 (r\u00e9gion parisienne)<br \/>\n<a href=\"https:\/\/twitter.com\/bonniol2\" data-send-impression-cookie=\"true\">@bonniol2 <\/a>: Bruno Bonniol, dir. des sports (B\u00e9ziers), pr\u00e9s. association UrbanBike (Montpellier)<br \/>\n<a href=\"http:\/\/twitter.com\/brunfal\"> @brunfal<\/a> : Bruno Falardeau, urbanisme durable et transports collectifs (Montr\u00e9al)<br \/>\n<a href=\"http:\/\/twitter.com\/Cecile_Lecoq\">@Cecile_Lecoq<\/a> :\u00a0Analyste marketing pour une soci\u00e9t\u00e9 de transport en commun (Canada)<br \/>\n<a href=\"http:\/\/twitter.com\/cfdtsncf\">@cfdtsncf<\/a> : Syndicat CFDT CHEMINOTS \/ SNCF Languedoc Roussillon (France)<br \/>\n<a href=\"http:\/\/twitter.com\/CiteDesServices\">@CiteDesServices<\/a> : La Cit\u00e9 des Services facilite la cr\u00e9ation de services urbains intelligents (Paris)<br \/>\n<a href=\"http:\/\/twitter.com\/Conducteur_SNCF\">@Conducteur_SNCF<\/a> : Conducteur de trains SNCF TER Midi-Pyr\u00e9n\u00e9es (France)<br \/>\n<a href=\"https:\/\/twitter.com\/COVIVO\" data-send-impression-cookie=\"true\">@COVIVO <\/a>: Faire du covoiturage un moyen de transport alternatif (France)<br \/>\n<a href=\"http:\/\/twitter.com\/covoiture\">@covoiture<\/a> : Logiciel gratuit de jumelage de covoiturage en Am\u00e9rique du Nord (Canada)<br \/>\n<a href=\"http:\/\/twitter.com\/C_Savard\"> @C_Savard <\/a>: Christian Savard, directeur g\u00e9n\u00e9ral de Vivre en Ville (Qu\u00e9bec)<br \/>\n<a href=\"http:\/\/twitter.com\/deplacementspro\">@DeplacementsPro<\/a> : Marcel Levy, premier site d\u2019actualit\u00e9 du voyage d\u2019affaires (Paris)<br \/>\n<a href=\"http:\/\/twitter.com\/DuflosAlexis\">@DuflosAlexis<\/a> : Secteur des v\u00e9hicules \u00e9lectriques, cr\u00e9ateur du BLOGaL (Marseille)<br \/>\n<a href=\"http:\/\/twitter.com\/EdortaBergua\">@EdortaBergua<\/a> :\u00a0<em>Mugikortasun eta bizikletari buruzko ideiak<\/em> (Donostia)<br \/>\n<a href=\"http:\/\/twitter.com\/EFFIA_Synergies\">@EFFIA_Synergies<\/a> : Conseil et services associ\u00e9s au transport de voyageurs (France)<br \/>\n<a href=\"http:\/\/twitter.com\/enerev\"> @enerev <\/a>: Energy Revolution. Suivi de l\u2019actualit\u00e9 de la transition \u00e9nerg\u00e9tique (Alsace)<br \/>\n<em> <\/em><a href=\"http:\/\/twitter.com\/enmouvementfr\">@enmouvementfr<\/a> : Mobilit\u00e9, Transports et des rythmes de vie : panel en ligne (France)<br \/>\n<a href=\"http:\/\/twitter.com\/FViesMobiles\"> @FViesMobiles<\/a> : Le Forum Vies Mobiles imagine les bonnes vies mobiles du futur (France)<br \/>\n<a href=\"http:\/\/twitter.com\/gelgen\"> @gelgen<\/a> : Genevi\u00e8ve G\u00e9linas, webmestre \u00e0 SOQUIJ, avocate, \u00abfoodie\u00bb, cycliste, voyageuse\u2026(Montr\u00e9al)<br \/>\n<a href=\"http:\/\/twitter.com\/G_Hugues\">@G_Hugues<\/a> : Jeune ing\u00e9nieur SNCF (France)<br \/>\n<a href=\"http:\/\/twitter.com\/jboutill\">@jboutill<\/a> : J\u00e9r\u00f4me Boutillier, mobilit\u00e9, d\u00e9veloppement durable et nouvelles TI\u2026 (Orzens, Suisse)<br \/>\n<a href=\"https:\/\/twitter.com\/jimmydaxx\" data-send-impression-cookie=\"true\">@jimmydaxx <\/a>: \u00c9tudiant en Urbanisme et Am\u00e9nagement<br \/>\n@jlaille : Actus et \u00e9tudes transports, urbanisme, marketing&#8230;<a href=\"https:\/\/twitter.com\/jboutill\" data-send-impression-cookie=\"true\"><br \/>\n<\/a><a href=\"http:\/\/twitter.com\/Juliendelabaca\">@Juliendelabaca<\/a> : Le Facilitateur de Mobilit\u00e9 (Aquitaine)<a href=\"https:\/\/twitter.com\/jboutill\" data-send-impression-cookie=\"true\"><br \/>\n<\/a><a href=\"http:\/\/twitter.com\/LeblancDanny\">@LeblancDanny<\/a> :\u00a0Vice-Pr\u00e9sident D\u00e9veloppement des affaires @WILL_Solutions (Qu\u00e9bec)<a href=\"https:\/\/twitter.com\/jboutill\" data-send-impression-cookie=\"true\"><br \/>\n<\/a><a href=\"http:\/\/twitter.com\/LebrunSimon\"> @LebrunSimon<\/a> : Pilote maritime. Tout ce qui est maritime \u00e0 Montr\u00e9al et ailleurs\u2026<br \/>\n<a href=\"http:\/\/twitter.com\/Le_bug_urbain\">@Le_bug_urbain<\/a> : Usages des espaces publics, mobilit\u00e9 et question du genre en ville (Paris)<br \/>\n<a href=\"https:\/\/twitter.com\/LucRabouin\" data-send-impression-cookie=\"true\">@LucRabouin : <\/a>Directeur de la Soci\u00e9t\u00e9 d\u2019autopartage Mobizen \u00e0 Paris.<a href=\"https:\/\/twitter.com\/jboutill\" data-send-impression-cookie=\"true\"><br \/>\n@lukaesque <\/a>: Luca Palladino. R\u00e9dacteur, litt\u00e9rature, \u00e9cologie, politique (Montr\u00e9al)<a href=\"https:\/\/twitter.com\/jboutill\" data-send-impression-cookie=\"true\"><br \/>\n<\/a><a href=\"http:\/\/twitter.com\/ludovicbu\">@ludovicbu <\/a>: Mobilit\u00e9, \u00e9cologie, musique de qualit\u00e9, et quelques autres trucs (France)<br \/>\n<a href=\"http:\/\/twitter.com\/martinp_urb\">@martinp_urb<\/a> : Martin Paquette, urbaniste (r\u00e9gion de Montr\u00e9al)<br \/>\n<a href=\"http:\/\/twitter.com\/MattDeborbe\">@MattDeborbe<\/a> : Matthieu D\u00e9borbe. Urbanisme + mouvement \u00e9tudiant, avec un brin d&rsquo;humour (Qu\u00e9bec)<s><br \/>\n<\/s><a href=\"http:\/\/twitter.com\/maxdenoncourt\">@maxdenoncourt<\/a> : Maxime Denoncourt, cycliste de rue devant l\u2019\u00e9ternel (Montr\u00e9al)<br \/>\n<a href=\"https:\/\/twitter.com\/MC_Hamelin\">@MC_Hamelin<\/a> : Marie-Claude Hamelin, <em>Energy efficiency jr engineer and tree-hugging hippie<\/em> (Montr\u00e9al)<br \/>\n@Mobiligo : Solutions adapt\u00e9es pour promouvoir et faciliter l\u2019utilisation des transports durables (Montr\u00e9al)<br \/>\n<a href=\"http:\/\/twitter.com\/MrioGrnier\">@MrioGrnier <\/a>: Mario Grenier, journaliste d\u00e9sabus\u00e9 et d\u00e9froqu\u00e9 (r\u00e9gion de Montr\u00e9al)<br \/>\n<a href=\"http:\/\/twitter.com\/neleeta\">@neleeta<\/a> : Nella Saborit Estev, <em>enginyer t\u00e8cnic d\u2019Obres P\u00fabliquea (Barcelona)<\/em><br \/>\n<a href=\"https:\/\/twitter.com\/OlivierRazemon\" data-send-impression-cookie=\"true\">@OlivierRazemon <\/a>: Journaliste. Transports. V\u00e9lo. Ville. Voyages (Europe)<br \/>\n<em> <a href=\"http:\/\/twitter.com\/Pascalmcduff\">@<\/a><\/em><a href=\"http:\/\/twitter.com\/Pascalmcduff\">pascalmcduff<\/a> : \u00c0 la recherche de solutions pragmatiques aux grands enjeux de notre temps (Montr\u00e9al)<br \/>\n<a href=\"http:\/\/twitter.com\/pasqualelm\">@pasqualelm <\/a><a href=\"http:\/\/twitter.com\/pasqualelm\">:<\/a> Pasquale Lo Mascolo, transport en commun, v\u00e9lo, urbanisme, pol. municipale (Montr\u00e9al)<br \/>\n<a href=\"http:\/\/twitter.com\/perdlespedales\">@perdlespedales <\/a><a href=\"http:\/\/twitter.com\/perdlespedales\">:<\/a> Ronald Houde, passionn\u00e9 de Slow V\u00e9lo, ski de fond et un monde durable (Montr\u00e9al)<br \/>\n<a href=\"http:\/\/twitter.com\/PhilBourke\"> @PhilBourke<\/a> : Philippe Bourke, directeur du RNCREQ (Qu\u00e9bec)<br \/>\n<a href=\"http:\/\/twitter.com\/PhilipInsall\"> @PhilipInsall <\/a>: <em>Health Director at Sustrans<\/em> (UK)<br \/>\n<a href=\"http:\/\/twitter.com\/Sakapatate\">@Sakapatate<\/a> : Nouvelles vertes, politique rouge et humour noir (Bourges \/ Evreux)<br \/>\n<a href=\"http:\/\/twitter.com\/Scenesinthecity\">@Scenesinthecity<\/a> : <em>City &amp; urbanism, bicycling, political economy, media and technology<\/em> (Montr\u00e9al)<br \/>\n<a href=\"http:\/\/twitter.com\/smbilodeau\"> @smbilodeau<\/a> : St\u00e9phane Bilodeau, pr\u00e9sident, Groupe Enerstat inc. (Sherbrooke)<br \/>\n<a href=\"https:\/\/twitter.com\/SmileyTrains\" data-send-impression-cookie=\"true\">@SmileyTrains <\/a>: Conducteur Transilien et RER sur Paris-Est (France)<br \/>\n @snotpg_geneve : Histoire &amp; actualit\u00e9s de la mobilit\u00e9 genevoise (Gen\u00e8ve)<br \/>\n<a href=\"http:\/\/twitter.com\/SylvainOuellet\">@SylvainOuellet<\/a> : \u00c9co-conseiller, conseiller politique de Jos\u00e9e Duplessis, #DD, mairie de Montr\u00e9al<br \/>\n<a href=\"http:\/\/twitter.com\/S_yelle\">@S_yelle <\/a>: Sylvain Yelle, \u00ab Parlez-moi de (\u2026) transport collectif, j\u2019adore! \u00bb (Montr\u00e9al)<br \/>\n<a href=\"http:\/\/twitter.com\/TdF__ademe\">@TdF__ademe<\/a><a href=\"http:\/\/twitter.com\/TdF__ademe\"> :<\/a> Gabriel Plassat, ing\u00e9nieur Energies &amp; Prospectives, ADEME (France)<br \/>\n<a href=\"http:\/\/twitter.com\/ThibaudDELETRAZ\">@ThibaudDELETRAZ<\/a> : Acteur de la relation client dans le domaine de la mobilit\u00e9 (France)<br \/>\n<a href=\"http:\/\/twitter.com\/Transactumedia\">@Transactumedia<\/a> : Laurie M., actu transports \/ mobilit\u00e9 \/ NTIC (France)<br \/>\n<a href=\"https:\/\/twitter.com\/VincentKaufmann\" data-send-impression-cookie=\"true\">@VincentKaufmann : <\/a>Prof. de sociologie urbaine et d\u2019analyse des mobilit\u00e9s \u00e0 l\u2019EPFL (Suisse)<br \/>\n<a href=\"https:\/\/twitter.com\/VoyagezFuteQC\" data-send-impression-cookie=\"true\">@VoyagezFuteQC <\/a>: Centre de gestion des d\u00e9placements des quartiers centraux (Montr\u00e9al et rive-sud)<br \/>\n<a href=\"http:\/\/twitter.com\/v_dussault\">@v_dussault <\/a>: Vincent Dussault, Producteur de contenu web : \u2026v\u00e9los, transports actifs (Montr\u00e9al)<br \/>\n<a href=\"http:\/\/twitter.com\/WerollApp\">@WerollApp<\/a> : Trouver des gens avec qui covoiturer quotidiennement (Canada)<br \/>\n<a href=\"http:\/\/twitter.com\/WILL_Solutions\">@WILL_Solutions<\/a> : D\u00e9mocratiser l\u2019acc\u00e8s au march\u00e9 carbone pour petits \u00e9metteurs de GES (Qu\u00e9bec)<br \/>\n<s> <\/s><a href=\"http:\/\/twitter.com\/XavierTackoen\">@XavierTackoen <\/a>: <em>Managing Director of Espaces-Mobilit\u00e9s<\/em> (Bruxelles)<br \/>\n<a href=\"http:\/\/twitter.com\/YohannVerdon\">@YohannVerdon<\/a> : Responsable Etudes, CCI Vend\u00e9e (France)<\/p>\n<p><strong>L&rsquo;\u00e9dition sera dor\u00e9navant revue r\u00e9guli\u00e8rement au cours du mois!<\/strong><\/p>\n<p>&nbsp;<\/p>\n","protected":false},"excerpt":{"rendered":"<p>D\u00e9couvrez les comptes Twitter interactifs avec @mvt_tc, dans les domaines suivants : Transports \/\/ Organisations \/\/ Territoire \/\/ Environnement et \u00e9nergie \/\/ Mobilit\u00e9 \/\/ Soci\u00e9t\u00e9 =================== Bienvenue parmi nous! @2dgamtl : Daniel Gill, professeur, Institut d&rsquo;urbanisme, Universit\u00e9 de Montr\u00e9al @AmadeusFrance : Solutions technologiques, gestion-distribution-vente, services de voyages (France) @catchthetrout : The Rural Overland Utility Transit &hellip; <\/p>\n<p><a class=\"more-link btn\" href=\"https:\/\/mvt.qc.ca\/fr\/2013\/03\/totems-mar2013\/\">Lire la suite<\/a><\/p>\n","protected":false},"author":1,"featured_media":0,"comment_status":"open","ping_status":"open","sticky":false,"template":"","format":"standard","meta":{"footnotes":""},"categories":[1],"tags":[],"class_list":["post-2301","post","type-post","status-publish","format-standard","hentry","category-divers","nodate","item-wrap"],"_links":{"self":[{"href":"https:\/\/mvt.qc.ca\/fr\/wp-json\/wp\/v2\/posts\/2301","targetHints":{"allow":["GET"]}}],"collection":[{"href":"https:\/\/mvt.qc.ca\/fr\/wp-json\/wp\/v2\/posts"}],"about":[{"href":"https:\/\/mvt.qc.ca\/fr\/wp-json\/wp\/v2\/types\/post"}],"author":[{"embeddable":true,"href":"https:\/\/mvt.qc.ca\/fr\/wp-json\/wp\/v2\/users\/1"}],"replies":[{"embeddable":true,"href":"https:\/\/mvt.qc.ca\/fr\/wp-json\/wp\/v2\/comments?post=2301"}],"version-history":[{"count":117,"href":"https:\/\/mvt.qc.ca\/fr\/wp-json\/wp\/v2\/posts\/2301\/revisions"}],"predecessor-version":[{"id":5748,"href":"https:\/\/mvt.qc.ca\/fr\/wp-json\/wp\/v2\/posts\/2301\/revisions\/5748"}],"wp:attachment":[{"href":"https:\/\/mvt.qc.ca\/fr\/wp-json\/wp\/v2\/media?parent=2301"}],"wp:term":[{"taxonomy":"category","embeddable":true,"href":"https:\/\/mvt.qc.ca\/fr\/wp-json\/wp\/v2\/categories?post=2301"},{"taxonomy":"post_tag","embeddable":true,"href":"https:\/\/mvt.qc.ca\/fr\/wp-json\/wp\/v2\/tags?post=2301"}],"curies":[{"name":"wp","href":"https:\/\/api.w.org\/{rel}","templated":true}]}}