{"id":1285,"date":"2012-05-29T14:10:04","date_gmt":"2012-05-29T19:10:04","guid":{"rendered":"http:\/\/mvt.tc\/fr\/?p=1285"},"modified":"2012-05-29T14:13:36","modified_gmt":"2012-05-29T19:13:36","slug":"combo-velo-train","status":"publish","type":"post","link":"https:\/\/mvt.qc.ca\/fr\/2012\/05\/combo-velo-train\/","title":{"rendered":"Le combo v\u00e9lo-train \u00e0 Montr\u00e9al"},"content":{"rendered":"<div style=\"width: 240px\" class=\"wp-caption alignleft\"><img loading=\"lazy\" decoding=\"async\" title=\"Trains &amp; bikes\" src=\"http:\/\/farm6.staticflickr.com\/5078\/5903085983_4893ff7cfa_m_d.jpg\" alt=\"\" width=\"240\" height=\"180\" \/><p class=\"wp-caption-text\">Source : Flickr - Comrade Foot (CC BY-SA 2.0)<\/p><\/div>\n<p style=\"text-align: justify;\">Depuis plusieurs ann\u00e9es, il est possible de transporter son v\u00e9lo dans les trains de l&rsquo;<a href=\"http:\/\/www.amt.qc.ca\/home.aspx\">Agence m\u00e9tropolitaine de transport<\/a> (AMT), qui exploite le r\u00e9seau de trains de banlieue de la r\u00e9gion montr\u00e9alaise.<\/p>\n<p style=\"text-align: justify;\">Le 1er mai 2011, un nombre accru de lignes et de voitures sont devenues accessibles aux bicyclettes. Toutefois, des restrictions s&rsquo;appliquent aux heures de pointe, vers Montr\u00e9al en avant-midi, et depuis Montr\u00e9al en apr\u00e8s-midi. N\u00e9anmoins, les bicyclettes pliantes, transport\u00e9es dans un sac, sont accept\u00e9es en tout temps, et dans tous les trains.<\/p>\n<p style=\"text-align: justify;\">L&rsquo;AMT a publi\u00e9 une <a title=\"Foire aux questions\" href=\"http:\/\/www.amt.qc.ca\/accesvelo.aspx\">foire aux questions<\/a> pour r\u00e9sumer les consignes en vigueur.<\/p>\n<p style=\"text-align: justify;\">Il faut prendre en consid\u00e9ration :<br \/>\n&#8211; qu&rsquo;un maximum de 12 bicyclettes sont admises dans chaque train;<br \/>\n&#8211; que les motrices des trains de la ligne Deux-Montagnes peuvent accueillir 4 bicyclettes;<br \/>\n&#8211; que les voitures \u00e0 deux niveaux, exploit\u00e9es sur les autres lignes, peuvent en accueillir \u00ab\u00a0au moins\u00a0\u00bb quatre;<br \/>\n&#8211; qu&rsquo;on ne peut pas circuler dans le train, d&rsquo;une voiture \u00e0 l&rsquo;autre, avec les bicyclettes.<\/p>\n<p style=\"text-align: justify;\"><strong>Cons\u00e9quence : au cas o\u00f9 les supports soient d\u00e9j\u00e0 remplis de bicyclettes au moment de monter dans la voiture, vous devrez redescendre du train et attendre le suivant (ce qui peut vouloir dire quelques heures plus tard, ou le lendemain, selon la ligne ou le moment de la journ\u00e9e).<\/strong><\/p>\n<p style=\"text-align: justify;\">\u00c9vitez les d\u00e9ceptions en pr\u00e9voyant une solution de rechange \u00e0 votre trajet planifi\u00e9, au moment de prendre le train, tant \u00e0 l&rsquo;aller qu&rsquo;au retour!<\/p>\n<div id=\"ff_peerindex_tooltip\"><\/div>\n<div id=\"ff_peerindex_tooltip\"><\/div>\n<div id=\"ff_peerindex_tooltip\"><\/div>\n<div id=\"ff_peerindex_tooltip\"><\/div>\n","protected":false},"excerpt":{"rendered":"<p>Depuis plusieurs ann\u00e9es, il est possible de transporter son v\u00e9lo dans les trains de l&rsquo;Agence m\u00e9tropolitaine de transport (AMT), qui exploite le r\u00e9seau de trains de banlieue de la r\u00e9gion montr\u00e9alaise. Le 1er mai 2011, un nombre accru de lignes et de voitures sont devenues accessibles aux bicyclettes. Toutefois, des restrictions s&rsquo;appliquent aux heures de &hellip; <\/p>\n<p><a class=\"more-link btn\" href=\"https:\/\/mvt.qc.ca\/fr\/2012\/05\/combo-velo-train\/\">Lire la suite<\/a><\/p>\n","protected":false},"author":1,"featured_media":0,"comment_status":"open","ping_status":"open","sticky":false,"template":"","format":"standard","meta":{"footnotes":""},"categories":[3,42,9,12,15],"tags":[170,171,169],"class_list":["post-1285","post","type-post","status-publish","format-standard","hentry","category-capsules","category-montreal","category-particuliers","category-train","category-velo","tag-cocktail-transport","tag-integration-des-modes","tag-train-velo","nodate","item-wrap"],"_links":{"self":[{"href":"https:\/\/mvt.qc.ca\/fr\/wp-json\/wp\/v2\/posts\/1285","targetHints":{"allow":["GET"]}}],"collection":[{"href":"https:\/\/mvt.qc.ca\/fr\/wp-json\/wp\/v2\/posts"}],"about":[{"href":"https:\/\/mvt.qc.ca\/fr\/wp-json\/wp\/v2\/types\/post"}],"author":[{"embeddable":true,"href":"https:\/\/mvt.qc.ca\/fr\/wp-json\/wp\/v2\/users\/1"}],"replies":[{"embeddable":true,"href":"https:\/\/mvt.qc.ca\/fr\/wp-json\/wp\/v2\/comments?post=1285"}],"version-history":[{"count":8,"href":"https:\/\/mvt.qc.ca\/fr\/wp-json\/wp\/v2\/posts\/1285\/revisions"}],"predecessor-version":[{"id":1293,"href":"https:\/\/mvt.qc.ca\/fr\/wp-json\/wp\/v2\/posts\/1285\/revisions\/1293"}],"wp:attachment":[{"href":"https:\/\/mvt.qc.ca\/fr\/wp-json\/wp\/v2\/media?parent=1285"}],"wp:term":[{"taxonomy":"category","embeddable":true,"href":"https:\/\/mvt.qc.ca\/fr\/wp-json\/wp\/v2\/categories?post=1285"},{"taxonomy":"post_tag","embeddable":true,"href":"https:\/\/mvt.qc.ca\/fr\/wp-json\/wp\/v2\/tags?post=1285"}],"curies":[{"name":"wp","href":"https:\/\/api.w.org\/{rel}","templated":true}]}}