{"id":1197,"date":"2012-02-29T13:00:37","date_gmt":"2012-02-29T18:00:37","guid":{"rendered":"http:\/\/mvt.tc\/fr\/?p=1197"},"modified":"2012-06-06T21:08:17","modified_gmt":"2012-06-07T02:08:17","slug":"taxi-multi-usagers","status":"publish","type":"post","link":"https:\/\/mvt.qc.ca\/fr\/2012\/02\/taxi-multi-usagers\/","title":{"rendered":"Le taxim\u00e8tre multi-usagers, une solution innovatrice pour usagers et exploitants"},"content":{"rendered":"<div id=\"attachment_1302\" style=\"width: 242px\" class=\"wp-caption alignleft\"><a href=\"https:\/\/mvt.qc.ca\/fr\/2012\/02\/taxi-multi-usagers\/flickr_time-pearce-los-gatos\/\" rel=\"attachment wp-att-1302\"><img loading=\"lazy\" decoding=\"async\" aria-describedby=\"caption-attachment-1302\" class=\"size-full wp-image-1302\" title=\"Flickr_Time Pearce, Los Gatos\" src=\"https:\/\/mvt.qc.ca\/fr\/wp-content\/uploads\/2012\/02\/Flickr_Time-Pearce-Los-Gatos.jpg\" alt=\"\" width=\"242\" height=\"179\" \/><\/a><p id=\"caption-attachment-1302\" class=\"wp-caption-text\">Source : Flickr - Time Pearce (CC BY 2.0)<\/p><\/div>\n<p style=\"text-align: justify;\">\u00c0 premi\u00e8re vue, l&rsquo;utilisation r\u00e9guli\u00e8re du taxi n&rsquo;appara\u00eet pas comme une solution \u00e9conomique \u00e0 la r\u00e9alisation de d\u00e9placements individuels r\u00e9p\u00e9titifs, selon la conception usuelle que nous avons de son utilisation : une course exclusive, dont le co\u00fbt est enti\u00e8rement \u00e0 notre charge.<\/p>\n<p style=\"text-align: justify;\">Et si on nous donnait la possibilit\u00e9 de partager notre course avec des clients ayant d&rsquo;autres origines-destinations, et de r\u00e9partir les frais selon la distance que nous parcourons respectivement, pour r\u00e9duire les co\u00fbts individuels de la course, quitte \u00e0 sacrifier un peu de temps au passage?<\/p>\n<p style=\"text-align: justify;\"><strong>Avec le taxim\u00e8tre multi-usagers, les exploitants pourraient accro\u00eetre leurs revenus lorsqu&rsquo;ils transportent davantage de clients simultan\u00e9ment, et les usagers profiteraient d&rsquo;une r\u00e9duction de leurs co\u00fbts de transport, selon la distance partag\u00e9e avec les autres clients. Cet outil permettrait d&rsquo;assurer une \u00e9quit\u00e9 entre les clients en fonction de l&rsquo;usage r\u00e9el qu&rsquo;ils font du taxi, et de facturer chacun en cons\u00e9quence.<br \/>\n<\/strong><\/p>\n<p style=\"text-align: justify;\">Illustration : dans l&rsquo;exemple ci-dessous, en employant un segment uniforme d&rsquo;une longueur de 3 km, et en ne partageant que les co\u00fbts variables de la course (kilom\u00e9trage et 10% de temps d&rsquo;attente), tout en pr\u00e9voyant un exc\u00e9dent de 15% sur la distance parcourue (pour le jumelage avec les autres clients), et employant les tarifs qu\u00e9b\u00e9cois (note 1), on obtiendrait les r\u00e9sultats suivants :<\/p>\n<p style=\"text-align: justify;\">Usager 1 : \u00a0 A ==\u00ad&gt; B ==&gt; C ==&gt; D ==&gt; E \u00a0\u00a0 (12 km)<br \/>\nUsager 2 :\u00a0 \u00a0\u00a0\u00a0\u00a0\u00a0\u00a0\u00a0\u00a0\u00a0\u00a0 B ==&gt; C ==&gt; D ==&gt; E\u00a0\u00a0\u00a0\u00a0 (9 km)<br \/>\nUsager 3 :\u00a0\u00a0\u00a0\u00a0\u00a0\u00a0\u00a0\u00a0\u00a0\u00a0 \u00a0\u00a0 \u00a0\u00a0\u00a0\u00a0\u00a0\u00a0\u00a0\u00a0 C ==&gt; D ==&gt; E \u00a0\u00a0\u00a0 (6 km)<br \/>\nUsager 4 :\u00a0\u00a0\u00a0\u00a0\u00a0\u00a0\u00a0\u00a0 \u00a0\u00a0\u00a0\u00a0 \u00a0 \u00a0 \u00a0 \u00a0\u00a0 C ==\u00ad&gt; D \u00a0 \u00a0 \u00a0 \u00a0\u00a0 \u00a0 \u00a0\u00a0 (3 km)<\/p>\n<p style=\"text-align: justify;\"><strong>Usager 1 :<br \/>\n<\/strong>&#8211; Co\u00fbt course exclusive :<strong> 25,89 $<\/strong> (12 km)<br \/>\n&#8211; Co\u00fbt course partag\u00e9e :<strong> 16,89 $<\/strong> (Prise en charge + [(A-B)+(B-C \u00f7 2)+(C-D\u00a0\u00f7 4)+(D-E \u00f7 3)] x 1,1 x 1,15) <strong><\/strong><\/p>\n<p style=\"text-align: justify;\"><strong>Usager 2 :<br \/>\n<\/strong>&#8211; Co\u00fbt course exclusive :<strong> 20,28 $<\/strong> (9 km)<br \/>\n&#8211; Co\u00fbt course partag\u00e9e :<strong> 10,44 $<\/strong> (Prise en charge + [(B-C \u00f7 2)+(C-D\u00a0\u00f7 4)+(D-E \u00f7 3)] x 1,1 x 1,15)<\/p>\n<p style=\"text-align: justify;\"><strong>Usager 3 :<br \/>\n<\/strong>&#8211; Co\u00fbt course exclusive :<strong> 14,67 $ <\/strong>(6 km)<br \/>\n&#8211; Co\u00fbt course partag\u00e9e :<strong> 7,21 $<\/strong> (Prise en charge + [(C-D\u00a0\u00f7 4)+(D-E \u00f7 3)] x 1,1 x 1,15)<\/p>\n<p style=\"text-align: justify;\"><strong>Usager 4 :<br \/>\n<\/strong>&#8211; Co\u00fbt course exclusive :<strong> 9,06 $<\/strong> (3 km)<br \/>\n&#8211;\u00a0Co\u00fbt course partag\u00e9e :<strong> 5,06 $<\/strong> (Prise en charge + (C-D\u00a0\u00f7 4) x 1,1 x 1,15)<\/p>\n<p style=\"text-align: justify;\"><strong>R\u00e9sultats :<br \/>\nCharges<\/strong> pour tous les usagers = <strong>39,61 $ pour la course partag\u00e9e plut\u00f4t que 69,90 $ pour l&rsquo;exclusive.<\/strong><br \/>\n<strong> Recettes<\/strong> pour le taxi partag\u00e9 = <strong>39,61 $ pour la course partag\u00e9e plut\u00f4t que 25,89 $ pour l&rsquo;exclusive.<\/strong><br \/>\nDistance moyenne parcourue par co-usager = 8,6 km (en tenant compte de la p\u00e9nalit\u00e9 de 15%).<br \/>\nCo\u00fbt moyen de la course par co-usager = 9,90 $.<\/p>\n<p style=\"text-align: justify;\"><strong>Ainsi, les services de taxi deviendraient plus concurrentiels par rapport \u00e0 la possession et \u00e0 l&rsquo;exploitation d&rsquo;un v\u00e9hicule automobile individuel.<\/strong> Sachant que la distance m\u00e9diane de navettage des travailleurs qu\u00e9b\u00e9cois (note 2) est de 7,8 km, la moiti\u00e9 d&rsquo;entre eux parcourent moins de 4 000 km par an pour aller au travail et en revenir, \u00e0 raison de 250 jours ouvrables par an.<\/p>\n<p style=\"text-align: justify;\">Dans l&rsquo;exemple ci-dessus, il en co\u00fbterait annuellement 4 950 $ \u00e0 l&rsquo;usager moyen du taxi, pour aller travailler 250 jours par ann\u00e9e et parcourir environ 4 300 km. Pour conduire cette distance avec un v\u00e9hicule essentiellement r\u00e9serv\u00e9 aux d\u00e9placements domicile-travail, le CAA-Qu\u00e9bec pr\u00e9voit des co\u00fbts de l&rsquo;ordre de 6 900 $ pour un v\u00e9hicule compact (note 3). <strong>Les co\u00fbts des deux options s&rsquo;\u00e9quilibreraient autour d&rsquo;une distance parcourue de 2 250 km par ann\u00e9e, ou de 4,5 km par trajet.<\/strong><\/p>\n<p style=\"text-align: justify;\">=================<\/p>\n<p style=\"text-align: justify;\"><strong>Notes<br \/>\n<\/strong><\/p>\n<p style=\"text-align: justify;\"><strong>(1)<\/strong><em> Tarifs de transport priv\u00e9<\/em> (Commission des transports du Qu\u00e9bec) : <a title=\"Tarifs de taxi au Qu\u00e9bec (CTQ)\" href=\"http:\/\/is.gd\/Jg8yyV\">http:\/\/is.gd\/Jg8yyV<\/a><\/p>\n<p style=\"text-align: justify;\"><em>La tarification des services de taxi, au taxim\u00e8tre, est structur\u00e9e ainsi, au Qu\u00e9bec : 3,45 $ \u00e0 la prise en charge + 1,70 $\/km + 0,63 $ par minute d&rsquo;attente (qu&rsquo;on peut estimer \u00e0 10 % du prix de la course).<\/em><\/p>\n<p style=\"text-align: justify;\"><strong>(2)<\/strong> <em>Habitudes de navettage et lieux de travail des Canadiens<\/em> (Statistique Canada) : <a title=\"Habitudes de navettage...\" href=\"http:\/\/is.gd\/5zRaCD\">http:\/\/is.gd\/5zRaCD<\/a><\/p>\n<p style=\"text-align: justify;\"><strong>(3)<\/strong> <em>Co\u00fbts d&rsquo;utilisation d&rsquo;une automobile<\/em> (CAA-Qu\u00e9bec) : <a title=\"CAA-Qu\u00e9bec : co\u00fbts d'utilisation des v\u00e9hicules\" href=\"http:\/\/is.gd\/TXNf0o\">http:\/\/is.gd\/TXNf0o<\/a><\/p>\n<p style=\"text-align: justify;\"><em>Le CAA-Qu\u00e9bec estime, en 2011, que les co\u00fbts fixes de possession d&rsquo;une automobile compacte sont de 6 239 $ par an, et les co\u00fbts variables de 0,147 $\/km. Ces co\u00fbts ne tiennent pas compte des frais de stationnement, au domicile (d\u00e9neigement, frais hypoth\u00e9caires, taxes fonci\u00e8res&#8230;) ou \u00e0 destination (stationnement int\u00e9rieur ou ext\u00e9rieur, etc.).<\/em><\/p>\n<p style=\"text-align: justify;\">\n<div id=\"ff_peerindex_tooltip\"><\/div>\n","protected":false},"excerpt":{"rendered":"<p>\u00c0 premi\u00e8re vue, l&rsquo;utilisation r\u00e9guli\u00e8re du taxi n&rsquo;appara\u00eet pas comme une solution \u00e9conomique \u00e0 la r\u00e9alisation de d\u00e9placements individuels r\u00e9p\u00e9titifs, selon la conception usuelle que nous avons de son utilisation : une course exclusive, dont le co\u00fbt est enti\u00e8rement \u00e0 notre charge. Et si on nous donnait la possibilit\u00e9 de partager notre course avec des &hellip; <\/p>\n<p><a class=\"more-link btn\" href=\"https:\/\/mvt.qc.ca\/fr\/2012\/02\/taxi-multi-usagers\/\">Lire la suite<\/a><\/p>\n","protected":false},"author":1,"featured_media":0,"comment_status":"open","ping_status":"open","sticky":false,"template":"","format":"standard","meta":{"footnotes":""},"categories":[95,7,9,10],"tags":[157,158,155,156],"class_list":["post-1197","post","type-post","status-publish","format-standard","hentry","category-automobile","category-moyens-de-transport","category-particuliers","category-taxi","tag-course","tag-multi-usagers","tag-taxi-2","tag-taximetre","nodate","item-wrap"],"_links":{"self":[{"href":"https:\/\/mvt.qc.ca\/fr\/wp-json\/wp\/v2\/posts\/1197","targetHints":{"allow":["GET"]}}],"collection":[{"href":"https:\/\/mvt.qc.ca\/fr\/wp-json\/wp\/v2\/posts"}],"about":[{"href":"https:\/\/mvt.qc.ca\/fr\/wp-json\/wp\/v2\/types\/post"}],"author":[{"embeddable":true,"href":"https:\/\/mvt.qc.ca\/fr\/wp-json\/wp\/v2\/users\/1"}],"replies":[{"embeddable":true,"href":"https:\/\/mvt.qc.ca\/fr\/wp-json\/wp\/v2\/comments?post=1197"}],"version-history":[{"count":41,"href":"https:\/\/mvt.qc.ca\/fr\/wp-json\/wp\/v2\/posts\/1197\/revisions"}],"predecessor-version":[{"id":1308,"href":"https:\/\/mvt.qc.ca\/fr\/wp-json\/wp\/v2\/posts\/1197\/revisions\/1308"}],"wp:attachment":[{"href":"https:\/\/mvt.qc.ca\/fr\/wp-json\/wp\/v2\/media?parent=1197"}],"wp:term":[{"taxonomy":"category","embeddable":true,"href":"https:\/\/mvt.qc.ca\/fr\/wp-json\/wp\/v2\/categories?post=1197"},{"taxonomy":"post_tag","embeddable":true,"href":"https:\/\/mvt.qc.ca\/fr\/wp-json\/wp\/v2\/tags?post=1197"}],"curies":[{"name":"wp","href":"https:\/\/api.w.org\/{rel}","templated":true}]}}