{"id":1023,"date":"2011-11-07T12:30:09","date_gmt":"2011-11-07T16:30:09","guid":{"rendered":"http:\/\/mvt.tc\/fr\/?p=1023"},"modified":"2012-07-29T11:22:20","modified_gmt":"2012-07-29T16:22:20","slug":"transports-energie-defis-21","status":"publish","type":"post","link":"https:\/\/mvt.qc.ca\/fr\/2011\/11\/transports-energie-defis-21\/","title":{"rendered":"Les transports et l&rsquo;\u00e9nergie : d\u00e9fis pour le (reste du) 21e si\u00e8cle"},"content":{"rendered":"<p style=\"text-align: justify;\"><a href=\"https:\/\/mvt.qc.ca\/fr\/2011\/11\/transports-energie-defis-21\/296-1214915568mxn5\/\" rel=\"attachment wp-att-1061\"><img loading=\"lazy\" decoding=\"async\" class=\"alignleft size-full wp-image-1061\" title=\"296-1214915568mxn5\" src=\"https:\/\/mvt.qc.ca\/fr\/wp-content\/uploads\/2011\/11\/296-1214915568mxn5-e1320686490371.jpg\" alt=\"\" width=\"240\" height=\"175\" \/><\/a>\u00c0 l&rsquo;\u00e9chelle mondiale, au moment o\u00f9 les transports consomment plus de 25% de l&rsquo;\u00e9nergie, et plus de 60% du p\u00e9trole, les sources renouvelables ne comptent encore que pour moins de 15% de la production totale d&rsquo;\u00e9nergie.<\/p>\n<p style=\"text-align: justify;\">Contrairement \u00e0 ce qu&rsquo;on pourrait le croire, le Qu\u00e9bec d\u00e9pend essentiellement des carburants fossiles pour combler ses besoins\u00a0 \u00e9nerg\u00e9tiques : sur les 480 TWh d&rsquo;\u00e9nergie consomm\u00e9e en 2008, 195 TWh l&rsquo;\u00e9taient sous forme d&rsquo;\u00e9lectricit\u00e9, soit moins de la moiti\u00e9 (Statistique Canada).<\/p>\n<p style=\"text-align: justify;\">Si au Qu\u00e9bec, l&rsquo;essentiel de la production d&rsquo;\u00e9lectricit\u00e9 est de source hydraulique, il en est bien autrement dans le monde entier car, selon l&rsquo;Agence internationale de l&rsquo;\u00e9nergie, environ 80% de la g\u00e9n\u00e9ration d&rsquo;\u00e9lectricit\u00e9 provient de sources non-renouvables : charbon (41%), gaz naturel (20%), nucl\u00e9aire (13%), p\u00e9trole (5%).<\/p>\n<p style=\"text-align: justify;\">C&rsquo;est dire que dans le reste du monde, les v\u00e9hicules \u00e9lectriques rouleront avec un cocktail \u00e9nerg\u00e9tique compos\u00e9 principalement de charbon et de gaz naturel, sources non-renouvelables.<\/p>\n<p style=\"text-align: justify;\">Voyez entre autres comment se compare l&rsquo;utilisation de l&rsquo;\u00e9nergie, d&rsquo;un territoire \u00e0 l&rsquo;autre, dans cette pr\u00e9sentation, qui illustre l&rsquo;importance du secteur des transports comme principal vecteur de consommation d&rsquo;\u00e9nergie, et\u00a0 de g\u00e9n\u00e9ration d&rsquo;\u00e9missions de gaz \u00e0 effet de serre :<strong> <a href=\"http:\/\/owl.li\/7llnU\">http:\/\/owl.li\/7llnU<\/a><\/strong><\/p>\n<p style=\"text-align: justify;\">Si nous pr\u00e9f\u00e9rons la rationalisation au rationnement, la remise en question de nos modes de d\u00e9placements et de l&rsquo;am\u00e9nagement de notre territoire sont d\u00e9sormais in\u00e9vitables.<\/p>\n<p style=\"text-align: justify;\">\n<div id=\"ff_peerindex_tooltip\"><\/div>\n","protected":false},"excerpt":{"rendered":"<p>\u00c0 l&rsquo;\u00e9chelle mondiale, au moment o\u00f9 les transports consomment plus de 25% de l&rsquo;\u00e9nergie, et plus de 60% du p\u00e9trole, les sources renouvelables ne comptent encore que pour moins de 15% de la production totale d&rsquo;\u00e9nergie. Contrairement \u00e0 ce qu&rsquo;on pourrait le croire, le Qu\u00e9bec d\u00e9pend essentiellement des carburants fossiles pour combler ses besoins\u00a0 \u00e9nerg\u00e9tiques &hellip; <\/p>\n<p><a class=\"more-link btn\" href=\"https:\/\/mvt.qc.ca\/fr\/2011\/11\/transports-energie-defis-21\/\">Lire la suite<\/a><\/p>\n","protected":false},"author":1,"featured_media":0,"comment_status":"open","ping_status":"open","sticky":false,"template":"","format":"standard","meta":{"footnotes":""},"categories":[130,42,7,31],"tags":[106,125,128,102,127,126,124,108,129],"class_list":["post-1023","post","type-post","status-publish","format-standard","hentry","category-energie-2","category-montreal","category-moyens-de-transport","category-quebec","tag-agence-internationale-de-lenergie","tag-automobile-2","tag-consommation","tag-efficacite-energetique","tag-emissions","tag-energies-renouvelables","tag-gaz-a-effet-de-serre","tag-ocde","tag-production","nodate","item-wrap"],"_links":{"self":[{"href":"https:\/\/mvt.qc.ca\/fr\/wp-json\/wp\/v2\/posts\/1023","targetHints":{"allow":["GET"]}}],"collection":[{"href":"https:\/\/mvt.qc.ca\/fr\/wp-json\/wp\/v2\/posts"}],"about":[{"href":"https:\/\/mvt.qc.ca\/fr\/wp-json\/wp\/v2\/types\/post"}],"author":[{"embeddable":true,"href":"https:\/\/mvt.qc.ca\/fr\/wp-json\/wp\/v2\/users\/1"}],"replies":[{"embeddable":true,"href":"https:\/\/mvt.qc.ca\/fr\/wp-json\/wp\/v2\/comments?post=1023"}],"version-history":[{"count":36,"href":"https:\/\/mvt.qc.ca\/fr\/wp-json\/wp\/v2\/posts\/1023\/revisions"}],"predecessor-version":[{"id":1041,"href":"https:\/\/mvt.qc.ca\/fr\/wp-json\/wp\/v2\/posts\/1023\/revisions\/1041"}],"wp:attachment":[{"href":"https:\/\/mvt.qc.ca\/fr\/wp-json\/wp\/v2\/media?parent=1023"}],"wp:term":[{"taxonomy":"category","embeddable":true,"href":"https:\/\/mvt.qc.ca\/fr\/wp-json\/wp\/v2\/categories?post=1023"},{"taxonomy":"post_tag","embeddable":true,"href":"https:\/\/mvt.qc.ca\/fr\/wp-json\/wp\/v2\/tags?post=1023"}],"curies":[{"name":"wp","href":"https:\/\/api.w.org\/{rel}","templated":true}]}}